{"id":637,"date":"2024-03-12T16:25:10","date_gmt":"2024-03-12T16:25:10","guid":{"rendered":"https:\/\/www.uroosevelt.edu.pe\/portal\/?p=637"},"modified":"2026-04-28T10:53:04","modified_gmt":"2026-04-28T15:53:04","slug":"ceremonia-de-imposicion-de-informes-a-estudiantes-que-inician-internado","status":"publish","type":"post","link":"https:\/\/www.uroosevelt.edu.pe\/portal\/ceremonia-de-imposicion-de-informes-a-estudiantes-que-inician-internado\/","title":{"rendered":"Ceremonia de imposici\u00f3n de uniformes a estudiantes que inician internado"},"content":{"rendered":"<p><img loading=\"lazy\" decoding=\"async\" class=\"aligncenter wp-image-793 size-large\" src=\"https:\/\/www.uroosevelt.edu.pe\/portal\/wp-content\/uploads\/2024\/03\/428353834_775946674568003_1098103953748822902_n-1024x683.jpg\" alt=\"\" width=\"1024\" height=\"683\" srcset=\"https:\/\/www.uroosevelt.edu.pe\/portal\/wp-content\/uploads\/2024\/03\/428353834_775946674568003_1098103953748822902_n-1024x683.jpg 1024w, https:\/\/www.uroosevelt.edu.pe\/portal\/wp-content\/uploads\/2024\/03\/428353834_775946674568003_1098103953748822902_n-300x200.jpg 300w, https:\/\/www.uroosevelt.edu.pe\/portal\/wp-content\/uploads\/2024\/03\/428353834_775946674568003_1098103953748822902_n-768x512.jpg 768w, https:\/\/www.uroosevelt.edu.pe\/portal\/wp-content\/uploads\/2024\/03\/428353834_775946674568003_1098103953748822902_n-1536x1024.jpg 1536w, https:\/\/www.uroosevelt.edu.pe\/portal\/wp-content\/uploads\/2024\/03\/428353834_775946674568003_1098103953748822902_n-219x146.jpg 219w, https:\/\/www.uroosevelt.edu.pe\/portal\/wp-content\/uploads\/2024\/03\/428353834_775946674568003_1098103953748822902_n-50x33.jpg 50w, https:\/\/www.uroosevelt.edu.pe\/portal\/wp-content\/uploads\/2024\/03\/428353834_775946674568003_1098103953748822902_n-113x75.jpg 113w, https:\/\/www.uroosevelt.edu.pe\/portal\/wp-content\/uploads\/2024\/03\/428353834_775946674568003_1098103953748822902_n.jpg 2048w\" sizes=\"(max-width: 1024px) 100vw, 1024px\" \/><\/p>\n<p>En una conmovedora ceremonia, los estudiantes del IX semestre de la carrera de Enfermer\u00eda en la Universidad Roosevelt recibieron sus uniformes turquesa y placas correspondientes, marcando as\u00ed el inicio de su formaci\u00f3n como internos en centros de salud de renombre asociados con nuestra instituci\u00f3n.<\/p>\n<p>Esta ceremonia representa el compromiso, la responsabilidad y la \u00e9tica profesional que cada estudiante asume al embarcarse en su carrera como enfermeros, un acontecimiento hist\u00f3rico que refuerza su compromiso con la sociedad y su vocaci\u00f3n de servicio.<\/p>\n<p>Saludamos y compartimos la emoci\u00f3n alegr\u00eda de nuestras estudiantes y les auguramos los mejores deseos durante su internado.<\/p>\n<p><a href=\"https:\/\/www.facebook.com\/hashtag\/enfermeria?__eep__=6&amp;__cft__%5b0%5d=AZUuib27qVUP-05LtICZKx4_X5kJyNXGzxXbOEblhsMWJRFE8o18hxMqYl-TlpWT1G3NKvlu4ofS2XEZrOLdS_XByGYcoRuufPA7iD-6p2t9MYLBJ_Q2rjAmVFrlUnVf5QzG_LnxetRp2fQ1LPokDvD84PvgArizp3le43alJFEsiWP1VmiBE-1FItWMhPtfWVk&amp;__tn__=*NK-R\">#enfermeria<\/a> <a href=\"https:\/\/www.facebook.com\/hashtag\/universidadroosevelt?__eep__=6&amp;__cft__%5b0%5d=AZUuib27qVUP-05LtICZKx4_X5kJyNXGzxXbOEblhsMWJRFE8o18hxMqYl-TlpWT1G3NKvlu4ofS2XEZrOLdS_XByGYcoRuufPA7iD-6p2t9MYLBJ_Q2rjAmVFrlUnVf5QzG_LnxetRp2fQ1LPokDvD84PvgArizp3le43alJFEsiWP1VmiBE-1FItWMhPtfWVk&amp;__tn__=*NK-R\">#UniversidadRoosevelt<\/a> <a href=\"https:\/\/www.facebook.com\/hashtag\/vocaci%C3%B3ndeservicio?__eep__=6&amp;__cft__%5b0%5d=AZUuib27qVUP-05LtICZKx4_X5kJyNXGzxXbOEblhsMWJRFE8o18hxMqYl-TlpWT1G3NKvlu4ofS2XEZrOLdS_XByGYcoRuufPA7iD-6p2t9MYLBJ_Q2rjAmVFrlUnVf5QzG_LnxetRp2fQ1LPokDvD84PvgArizp3le43alJFEsiWP1VmiBE-1FItWMhPtfWVk&amp;__tn__=*NK-R\">#Vocaci\u00f3nDeServicio<\/a> <a href=\"https:\/\/www.facebook.com\/hashtag\/vivetupasi%C3%B3n?__eep__=6&amp;__cft__%5b0%5d=AZUuib27qVUP-05LtICZKx4_X5kJyNXGzxXbOEblhsMWJRFE8o18hxMqYl-TlpWT1G3NKvlu4ofS2XEZrOLdS_XByGYcoRuufPA7iD-6p2t9MYLBJ_Q2rjAmVFrlUnVf5QzG_LnxetRp2fQ1LPokDvD84PvgArizp3le43alJFEsiWP1VmiBE-1FItWMhPtfWVk&amp;__tn__=*NK-R\">#ViveTuPasi\u00f3n<\/a> <a href=\"https:\/\/www.facebook.com\/hashtag\/transformatumundo?__eep__=6&amp;__cft__%5b0%5d=AZUuib27qVUP-05LtICZKx4_X5kJyNXGzxXbOEblhsMWJRFE8o18hxMqYl-TlpWT1G3NKvlu4ofS2XEZrOLdS_XByGYcoRuufPA7iD-6p2t9MYLBJ_Q2rjAmVFrlUnVf5QzG_LnxetRp2fQ1LPokDvD84PvgArizp3le43alJFEsiWP1VmiBE-1FItWMhPtfWVk&amp;__tn__=*NK-R\">#TransformaTuMundo<\/a> <a href=\"https:\/\/www.facebook.com\/hashtag\/somosroosevelt?__eep__=6&amp;__cft__%5b0%5d=AZUuib27qVUP-05LtICZKx4_X5kJyNXGzxXbOEblhsMWJRFE8o18hxMqYl-TlpWT1G3NKvlu4ofS2XEZrOLdS_XByGYcoRuufPA7iD-6p2t9MYLBJ_Q2rjAmVFrlUnVf5QzG_LnxetRp2fQ1LPokDvD84PvgArizp3le43alJFEsiWP1VmiBE-1FItWMhPtfWVk&amp;__tn__=*NK-R\">#SomosRoosevelt<\/a><\/p>\n","protected":false},"excerpt":{"rendered":"<p>En una conmovedora ceremonia, los estudiantes del IX semestre de la carrera de Enfermer\u00eda en la Universidad Roosevelt&#8230;<\/p>\n","protected":false},"author":7,"featured_media":793,"comment_status":"open","ping_status":"open","sticky":false,"template":"","format":"standard","meta":{"footnotes":""},"categories":[7],"tags":[],"_links":{"self":[{"href":"https:\/\/www.uroosevelt.edu.pe\/portal\/wp-json\/wp\/v2\/posts\/637"}],"collection":[{"href":"https:\/\/www.uroosevelt.edu.pe\/portal\/wp-json\/wp\/v2\/posts"}],"about":[{"href":"https:\/\/www.uroosevelt.edu.pe\/portal\/wp-json\/wp\/v2\/types\/post"}],"author":[{"embeddable":true,"href":"https:\/\/www.uroosevelt.edu.pe\/portal\/wp-json\/wp\/v2\/users\/7"}],"replies":[{"embeddable":true,"href":"https:\/\/www.uroosevelt.edu.pe\/portal\/wp-json\/wp\/v2\/comments?post=637"}],"version-history":[{"count":9,"href":"https:\/\/www.uroosevelt.edu.pe\/portal\/wp-json\/wp\/v2\/posts\/637\/revisions"}],"predecessor-version":[{"id":1304,"href":"https:\/\/www.uroosevelt.edu.pe\/portal\/wp-json\/wp\/v2\/posts\/637\/revisions\/1304"}],"wp:featuredmedia":[{"embeddable":true,"href":"https:\/\/www.uroosevelt.edu.pe\/portal\/wp-json\/wp\/v2\/media\/793"}],"wp:attachment":[{"href":"https:\/\/www.uroosevelt.edu.pe\/portal\/wp-json\/wp\/v2\/media?parent=637"}],"wp:term":[{"taxonomy":"category","embeddable":true,"href":"https:\/\/www.uroosevelt.edu.pe\/portal\/wp-json\/wp\/v2\/categories?post=637"},{"taxonomy":"post_tag","embeddable":true,"href":"https:\/\/www.uroosevelt.edu.pe\/portal\/wp-json\/wp\/v2\/tags?post=637"}],"curies":[{"name":"wp","href":"https:\/\/api.w.org\/{rel}","templated":true}]}}